{"id":654,"date":"2010-03-15T11:21:38","date_gmt":"2010-03-15T10:21:38","guid":{"rendered":"http:\/\/kristinahazler.com\/?p=654"},"modified":"2026-03-05T15:01:47","modified_gmt":"2026-03-05T14:01:47","slug":"zivot-je-mnohostranny-rozhovor-s-kristinou-hazler","status":"publish","type":"post","link":"https:\/\/kristinahazler.com\/sk\/zivot-je-mnohostranny-rozhovor-s-kristinou-hazler\/","title":{"rendered":"\u017divot je mnohostrann\u00fd &#8211; Rozhovor s autorkou a kou\u010dkou vedomia Krist\u00ednou Hazler"},"content":{"rendered":"<p>Pani Hazler, ako autorka sa d\u00e1te len ve\u013emi \u0165a\u017eko zaradi\u0165, \u010do je pravdepodobne aj va\u0161\u00edm z\u00e1merom &#8211; ako by ste sa sama charakterizovali?<\/p>\n<p><em>\u017divot je mnohostrann\u00fd. Ak\u00e1ko\u013evek \u00farove\u0148, ak\u00e1ko\u013evek t\u00e9ma vy\u017eaduje odli\u0161n\u00fd uhol poh\u013eadu a ur\u010dit\u00fd jazyk na jej zvidite\u013enenie a zrozumite\u013en\u00fd prenos. Ja patr\u00edm k t\u00fdm, ktor\u00ed radi komunikuj\u00fa so \u017eivotom v celej jeho mnohotv\u00e1rnosti.<\/em><\/p>\n<p>Poznali ste politick\u00e9 syst\u00e9my na obidvoch stran\u00e1ch \u017eeleznej opony. Ak\u00e9 s t\u00fdm m\u00e1te osobn\u00e9 sk\u00fasenosti? Kde a ako ste sa c\u00edtili slobodne, resp. neslobodne?<\/p>\n<p><em>To je \u0165a\u017ek\u00e1 ot\u00e1zka. Kedysi som si myslela, \u017ee nie som slobodn\u00e1 a usilovala som sa o zjavnej\u0161iu slobodu, napr\u00edklad vo\u013ene vyslovova\u0165 mienku, mo\u017enos\u0165 cestova\u0165, pr\u00edstup k necenzurovanej literat\u00fare a pod. Potom sa mi naskytla mo\u017enos\u0165 t\u00fato vyt\u00fa\u017een\u00fa \u201eslobodu\u201c osobne pre\u017e\u00edva\u0165, a\u017e som si napokon uvedomila, \u017ee som ak\u00fdmsi z\u00e1zra\u010dn\u00fdm sp\u00f4sobom stratila vn\u00fatorn\u00fa slobodu, o ktorej som ani nevedela, \u017ee ju m\u00e1m. Ka\u017edodennos\u0165 a zhon ma pohltili a ja som u\u017e nemala \u010das ani len \u010d\u00edta\u0165 \u010di bl\u00fadi\u0165 my\u0161lienkami. Priority sa postupne pres\u00favali bez toho, \u017ee by som to skuto\u010dne chcela. Nakoniec nasledovalo nieko\u013eko zemetrasen\u00ed, ktor\u00e9 mi pomohli spam\u00e4ta\u0165 sa a presmerova\u0165 sa zo vsugerovanej alibislobody op\u00e4\u0165 na t\u00fa vn\u00fatorn\u00fa. Nebola a nie je to \u013eahk\u00e1 cesta.<\/em><\/p>\n<p>Vedome ste sa vydali do odl\u00fa\u010den\u00fdch svetov, aby ste mohli sp\u00edsa\u0165 svoje pr\u00edbehy. I\u0161lo v\u00e1m o \u201evedom\u00e9\u201c spomalenie \u010di meditovanie?<\/p>\n<p><em>D\u00e1 sa hovori\u0165 o vo\u013ebe, ke\u010f in\u00fa alternat\u00edvu nevid\u00edte? Ke\u010f u\u017e ni\u010d ned\u00e1va zmysel, ke\u010f \u010dierne u\u017e nie je \u010diernym a biele bielym, ke\u010f o\u010di neveria tomu, \u010do vidia, ke\u010f u\u0161i neveria tomu, \u010do pr\u00e1ve po\u010duj\u00fa, ke\u010f sa na v\u00e1s r\u00fati svet a zdanlivo sa pribli\u017euje nevyhnutn\u00e1 katastrofa?<\/em><\/p>\n<p><em>Nie, to nebola medit\u00e1cia, bol to krok smerom k \u017eivotu.<\/em><\/p>\n<p>Ke\u010f tak \u010d\u00edtam va\u0161e pr\u00edbehy, zmoc\u0148uje sa ma pr\u00edjemn\u00fd pocit uvo\u013enenia a \u201espoma\u013eovania\u201c. Je to va\u0161\u00edm \u00famyslom? Chcete \u013eud\u00ed vr\u00e1ti\u0165, priv\u00e1dza\u0165 viacej k ich kore\u0148om, k ich vn\u00fatraj\u0161ku?<\/p>\n<p><em>Pod\u013ea mojich sk\u00fasenost\u00ed m\u00e1 ka\u017ed\u00fd z n\u00e1s mo\u017enos\u0165 ist\u00fa t\u00e9mu, ktor\u00e1 je pre\u0148ho relevantn\u00e1, pri istej r\u00fdchlosti optim\u00e1lne vn\u00edma\u0165 a s\u00e1m pre seba ju spracova\u0165. \u00da\u010delom mojej knihy je pon\u00faknu\u0165 \u013eu\u010fom mo\u017enos\u0165 \u010di r\u00e1mec n\u00e1js\u0165 svoju individu\u00e1lne optim\u00e1lnu r\u00fdchlos\u0165 a tak sa vn\u00e1ra\u0165 do vlastn\u00e9ho sveta zbaven\u00e9ho form\u00e1lnost\u00ed, resp. evidentnosti a navy\u0161e sa oboznamova\u0165 so svojou vlastnou multidimenzionalitou, ako aj odtie\u0148mi \u017eivota.<\/em><\/p>\n<p>Nap\u00edsali ste u\u017e nieko\u013eko kn\u00edh a poviedok odohr\u00e1vaj\u00facich sa v r\u00f4znych realit\u00e1ch a na rozli\u010dn\u00fdch \u00farovniach vedomia, a pritom sa v\u017edy nech\u00e1te sama prekvapi\u0165 konan\u00edm a udalos\u0165ami. \u010co v\u00e1s k tomu in\u0161piruje, \u010do v\u00e1s poh\u00e1\u0148a a pod\u013ea \u010doho sa orientujete?<\/p>\n<p><em>In\u0161piruje ma \u017eivot s\u00e1m, jeho neskuto\u010dn\u00e1 vitalita a mo\u017enos\u0165 komunik\u00e1cie a v\u00fdmeny, ak\u00e9 vo vonkaj\u0161om svete vz\u00e1cne za\u017e\u00edvam, ale ktor\u00e9 potrebujem ako ak\u00fdsi zdroj z\u00e1kladnej potravy. A medzi\u010dasom sa orientujem pod\u013ea mojej silnej d\u00f4very v to, \u017ee ka\u017ed\u00e1 ot\u00e1zka sa vynor\u00ed pr\u00e1ve vtedy, ke\u010f u\u017e som pripraven\u00e1 prija\u0165 odpove\u010f. Inak povedan\u00e9, riadim sa pod\u013ea vn\u00fatorn\u00fdch impulzov, ktor\u00e9 ma ved\u00fa, aby som robila to, \u010do robi\u0165 \u201emus\u00edm\u201c.<\/em><\/p>\n<p>\u010casto akoby \u201eprep\u00ednate\u201c v poviedkach medzi jedn\u00fdm a viacer\u00fdmi svetmi. Ako sa v\u00e1m to dar\u00ed?<\/p>\n<p><em>Dobr\u00e1 ot\u00e1zka! V skuto\u010dnosti to neviem. Mo\u017eno je to moj\u00edm talentom, mo\u017eno ide aj o to, \u017ee ja sama vn\u00edmam iba jeden svet a nepoci\u0165ujem to ako prep\u00ednanie. Viem v\u0161ak o z\u00e1\u013eube \u013eud\u00ed \u0161katu\u013ekova\u0165, vytv\u00e1ra\u0165 obmedzenia a hranice. Tak\u017ee z ur\u010dit\u00e9ho uhla to m\u00f4\u017ee vyzera\u0165 tak, akoby som nazerala raz do jedn\u00e9ho a potom do druh\u00e9ho sveta. (Ve\u010f mi to aj ist\u00fd \u010das trvalo, k\u00fdm som sa nau\u010dila zaobch\u00e1dza\u0165 s v\u00e1nkom napr. ob\u00e1v, ktor\u00fd ma ovanul, ke\u010f som nazrela napr. do z\u00e1suvky s n\u00e1pisom \u201estrach\u201c. Odrazu som sa na\u0161la v iluz\u00f3rnom svete koncentrovan\u00e9ho strachu a mala som \u010do robi\u0165, aby som nezabudla, \u017ee mi ni\u010d nehroz\u00ed, \u017ee to nie je realita, lebo v tej existuje n\u00e1dhern\u00e1 paleta a vl\u00e1dne v nej do ur\u010ditej miery rovnov\u00e1ha.)<\/em><\/p>\n<p>Jedna z va\u0161ich kn\u00edh sa odohr\u00e1va vo fikt\u00edvnom kontajnerovom svete, kde s\u00fa \u013eudia st\u00e1le obklopen\u00ed stenami. \u010co m\u00e1 pod\u013ea v\u00e1s t\u00e1to metafora sprostredkova\u0165 \u010ditate\u013ek\u00e1m a \u010ditate\u013eom?<\/p>\n<p><em>R\u00f4zne \u2013 ako som u\u017e povedala, v\u0161etko sa sklad\u00e1 z viacer\u00fdch vrstiev, tak\u017ee kontajner je predstavou viacer\u00fdch metafor \u2013 ka\u017ed\u00fd si ju individu\u00e1lne prisp\u00f4sob\u00ed. Steny ozna\u010duj\u00fa ak\u00fdsi ochrann\u00fd priestor, do ktor\u00e9ho sa odober\u00e1me pri \u010d\u00edtan\u00ed, a poskytuje n\u00e1m mo\u017enos\u0165 by\u0165 na okamih s\u00e1m so sebou, nez\u00e1visle od vonkaj\u0161ieho diania. Moj\u00edm osobn\u00fdm \u017eelan\u00edm je uk\u00e1za\u0165 aj to, \u017ee tzv. izol\u00e1cia, \u010di u\u017e vn\u00fatorn\u00e1 alebo vonkaj\u0161ia, m\u00f4\u017ee by\u0165 kreat\u00edvnym, objas\u0148uj\u00facim a lie\u010div\u00fdm momentom. A ak v n\u00e1s sp\u00f4sobuje tiese\u0148, \u010di ju vn\u00edmame ako obmedzenie, m\u00f4\u017ee to by\u0165 sp\u00f4soben\u00e9 nespr\u00e1vne nasmerovan\u00fdm uhlom poh\u013eadu. Pod\u013ea m\u0148a ka\u017ed\u00e1 jedna \u017eivotn\u00e1 situ\u00e1cia m\u00e1 v sebe skryt\u00fa aj \u0161ancu a obohatenie, nez\u00e1visle od toho, \u010di sme si toho vedom\u00ed alebo nie. \u010eal\u0161\u00edm moj\u00edm z\u00e1merom je na\u010drtn\u00fa\u0165 mo\u017enos\u0165, \u017ee tam, kde si mysl\u00edme, \u017ee n\u00e1s obklopuj\u00fa steny alebo hranice, e\u0161te nemus\u00ed kon\u010di\u0165 svet a \u017eivot. Inak povedan\u00e9: len preto, \u017ee nie\u010do nevid\u00edme a vedome nevn\u00edmame, e\u0161te neznamen\u00e1, \u017ee tam ni\u010d nie je a \u017ee s t\u00fdm podvedome nie sme v ustavi\u010dnom kontakte, alebo dokonca \u017ee s t\u00fdm nekomunikujeme.<\/em><\/p>\n<p>Pova\u017eujete sa sama v\u010faka v\u00e1\u0161mu vzdelaniu a sk\u00fasenostiam menej za autora \u010di rie\u0161ite\u013ea konfliktov, ale sk\u00f4r za poradcu \u010di sprievodcu \u013eudsk\u00fdmi t\u00e9mami, nie\u010do ako kou\u010d \u010di tr\u00e9ner vedomia a sebauvedomovania si?<\/p>\n<p><em>V tejto chv\u00edli ste to celkom dobre op\u00edsali.<\/em><\/p>\n<p><img fetchpriority=\"high\" decoding=\"async\" data-attachment-id=\"9676\" data-permalink=\"https:\/\/kristinahazler.com\/sk\/zivot-je-mnohostranny-rozhovor-s-kristinou-hazler\/shutterstock_261069638-2\/\" data-orig-file=\"https:\/\/kristinahazler.com\/wp-content\/uploads\/2016\/11\/shutterstock_261069638.jpg\" data-orig-size=\"924,616\" data-comments-opened=\"0\" data-image-meta=\"{&quot;aperture&quot;:&quot;0&quot;,&quot;credit&quot;:&quot;&quot;,&quot;camera&quot;:&quot;&quot;,&quot;caption&quot;:&quot;&quot;,&quot;created_timestamp&quot;:&quot;0&quot;,&quot;copyright&quot;:&quot;&quot;,&quot;focal_length&quot;:&quot;0&quot;,&quot;iso&quot;:&quot;0&quot;,&quot;shutter_speed&quot;:&quot;0&quot;,&quot;title&quot;:&quot;&quot;,&quot;orientation&quot;:&quot;0&quot;}\" data-image-title=\"Pers\u00f6nlichkeitsanteile\" data-image-description=\"&lt;p&gt;Doppelbelichtung: Frau mit geschlossenen Augen und Hand im Gesicht.&lt;\/p&gt;\n\" data-image-caption=\"\" data-large-file=\"https:\/\/kristinahazler.com\/wp-content\/uploads\/2016\/11\/shutterstock_261069638.jpg\" class=\"aligncenter wp-image-9676 size-full\" src=\"https:\/\/kristinahazler.com\/wp-content\/uploads\/2016\/11\/shutterstock_261069638.jpg\" alt=\"Doppelbelichtung: Frau mit geschlossenen Augen und Hand im Gesicht.\" width=\"1000\" height=\"667\" srcset=\"https:\/\/kristinahazler.com\/wp-content\/uploads\/2016\/11\/shutterstock_261069638.jpg 924w, https:\/\/kristinahazler.com\/wp-content\/uploads\/2016\/11\/shutterstock_261069638-300x200.jpg 300w, https:\/\/kristinahazler.com\/wp-content\/uploads\/2016\/11\/shutterstock_261069638-600x400.jpg 600w\" sizes=\"(max-width: 1000px) 100vw, 1000px\" \/><\/p>\n<p>Komunikuj\u00fa pod\u013ea v\u00e1\u0161ho n\u00e1zoru \u013eudia v tomto storo\u010d\u00ed menej s vlastn\u00fdm Ja, vlastn\u00fdmi \u017eelaniami a potrebami?<\/p>\n<p><em>Ver\u00edm, \u017ee neust\u00e1le takto komunikuj\u00fa, iba\u017ee si to st\u00e1le menej uvedomuj\u00fa. Zdanlivo sa vz\u010fa\u013euj\u00fa, preto\u017ee mys\u013eou sa nach\u00e1dzaj\u00fa v \u201einom\u201c svete, napr\u00edklad chatuj\u00fa na po\u010d\u00edta\u010di, robia \u010dosi z povinnosti \u010di pre in\u00fdch, av\u0161ak aj v tak\u00fdch pr\u00edpadoch sa pok\u00fa\u0161aj\u00fa komunikova\u0165 sami so sebou a popr\u00edpade si zodpoveda\u0165 podvedom\u00fa ot\u00e1zku, na ktor\u00fa \u010dasto nach\u00e1dzaj\u00fa odpove\u010f typu: \u201eTu sa veru nen\u00e1jde\u0161.\u201c<\/em><\/p>\n<p>Pom\u00e1hate \u013eu\u010fom u\u010di\u0165 sa pres\u00fava\u0165 uhol poh\u013eadu a t\u00fdm spokojnej\u0161ie \u017ei\u0165?<\/p>\n<p><em>To, \u010do rob\u00edm, je, \u017ee jednoducho \u017eijem. Mo\u017eno \u017eijem tro\u0161ku inak ne\u017e mnoh\u00ed in\u00ed, a preto sa m\u00f4\u017ee sta\u0165, \u017ee sa niekto in\u0161piruje moj\u00edm sp\u00f4sobom \u017eivota, resp. novou mo\u017enos\u0165ou, ak uvid\u00ed niekde cestu, ktor\u00e1 tam predt\u00fdm zdanlivo e\u0161te nebola. Ale \u00e1no, mo\u017eno sa d\u00e1 poveda\u0165, \u017ee z\u00e1merne zvidite\u013e\u0148ujem cesty, ktor\u00e9 mne samej pomohli jasnej\u0161ie vn\u00edma\u0165, by\u0165 uvedomelej\u0161ou a spokojnej\u0161ou \u2026<\/em><\/p>\n<p>Ak\u00fd osoh \u010di nadhodnotu m\u00f4\u017eu pre seba \u010ditate\u013eky a \u010ditatelia z\u00edska\u0165 z va\u0161ich poviedok?<\/p>\n<p><em>Neodpovedala som pr\u00e1ve na t\u00fato ot\u00e1zku?<\/em><\/p>\n<p>Bud\u00ed to dojem, \u017ee pova\u017eujete \u010dloveka za viacn\u00e1sobne roz\u0161tiepen\u00fa osobnos\u0165, v nijakom pr\u00edpade nie za \u010dosi celistv\u00e9.<\/p>\n<p><em>Vn\u00edmam to nasledovne: m\u00e1m schopnos\u0165 vytu\u0161i\u0165 v \u013eu\u010foch ich prirodzen\u00fa podstatu, potenci\u00e1l a eventu\u00e1lne ich jadro. To, s \u010d\u00edm sa na svojej ceste k tak\u00e9mu \u010dloveku stret\u00e1vam, b\u00fdva \u010dasto v protiklade k tomu, \u010do on s\u00e1m pova\u017euje za svoju osobnos\u0165. Nejeden \u010dlovek, celkom iste to pozn\u00e1te, m\u00e1 vo svojom reperto\u00e1ri pripraven\u00fdch viacero osobnost\u00ed alebo rol\u00ed, v z\u00e1vislosti od toho, s k\u00fdm komunikuje a v akom prostred\u00ed sa pr\u00e1ve nach\u00e1dza. A \u00e1no, niektor\u00e9 z nich viem vyc\u00edti\u0165, preto\u017ee to zodpoved\u00e1 jeho naturelu tieto (nech s\u00fa jeho d\u00f4vody hocijak\u00e9) v r\u00e1mci jeho kreativity vytv\u00e1ra\u0165. Nepova\u017eujem ich v\u0161ak za oddelen\u00e9 od seba, preto\u017ee \u2013 ako som u\u017e nazna\u010dila \u2013 maj\u00fa jedno a to ist\u00e9 jadro.<\/em><\/p>\n<p>Ako pri tom sama seba kou\u010dujete?<\/p>\n<p><em>Ako autorka \u2013 p\u00edsan\u00edm.<\/em><\/p>\n<p>Zd\u00e1 sa, akoby ste sa vedome\/podvedome di\u0161tancovali od klasick\u00fdch a be\u017en\u00fdch met\u00f3d psychol\u00f3gie a psychiatrie. Pre\u010do? \u010co v\u00e1m pri tom ch\u00fdba? Ak\u00fdmi o\u010dami by sme mali pristupova\u0165 k \u013eu\u010fom?<\/p>\n<p><em>Nedi\u0161tancujem sa. Ka\u017ed\u00e1 met\u00f3da a technika je iba met\u00f3dou a technikou. Vytv\u00e1raj\u00fa ju \u013eudia a \u013eudia ju aj pou\u017e\u00edvaj\u00fa. Je to podobn\u00e9 ako s t\u00fdmi rozli\u010dn\u00fdmi r\u00fdchlos\u0165ami \u010di frekvenciami. Pri spracovan\u00ed osobn\u00fdch t\u00e9m takpovediac pri\u0165ahujeme r\u00f4zne n\u00e1stroje. Pr\u00e1ve tie, ktor\u00e9 pr\u00e1ve potrebujeme. Ja sama som pred mnoh\u00fdmi rokmi \u2013 po\u010das mojej ne\u013eahkej etapy \u2013 potrebovala psychologick\u00e9 poradenstvo. Vtedy mi to dalo ve\u013ea. Pom\u00e1halo mi orientova\u0165 sa, zastavi\u0165 sa, zamyslie\u0165 sa a stabilizova\u0165 sa. No a ke\u010f pri\u0161iel pocit stagn\u00e1cie, ke\u010f ma to u\u017e neuspokojovalo, tak bol \u010das \u00eds\u0165 \u010falej. Podobne aj pri in\u00fdch met\u00f3dach a technik\u00e1ch, ktor\u00e9 som na svojej ceste stretla a vysk\u00fa\u0161ala \u010di nau\u010dila. Ke\u010f vo mne vznikali ot\u00e1zky, na ktor\u00e9 u\u017e t\u00e1-ktor\u00e1 met\u00f3da nenach\u00e1dzala odpovede, bol \u010das pokra\u010dova\u0165.<\/em><\/p>\n<p>Ak\u00fdmi o\u010dami by sme sa mali pozera\u0165 na \u013eud\u00ed?<\/p>\n<p><em>S vedom\u00edm, \u017ee nevieme, v akej v\u00fdvojovej f\u00e1ze sa doty\u010dn\u00fd \u010dlovek nach\u00e1dza, a \u017ee existuje mo\u017enos\u0165, \u017ee to, \u010do my zvl\u00e1dame \u013eavou zadnou, m\u00f4\u017ee pre\u0148ho predstavova\u0165 neprekonate\u013en\u00fa horu, a \u017ee ani t\u00e1to skuto\u010dnos\u0165 e\u0161te st\u00e1le ni\u010d nevypoved\u00e1 o jeho kvalite. Av\u0161ak pri ka\u017edom pozorovan\u00ed in\u00e9ho \u010dloveka dost\u00e1vame inform\u00e1ciu o na\u0161ej vlastnej kvalite.<\/em><\/p>\n<p>Ktor\u00e9 energie pod\u013ea va\u0161ej mienky p\u00f4sobia na \u013eud\u00ed?<\/p>\n<p><em>V\u0161etky \u2026? Alebo pod\u013ea toho, ak\u00fd je \u010dlovek auton\u00f3mny \/suver\u00e9nny.<\/em><\/p>\n<p>Kritick\u00e1 ot\u00e1zka, nako\u013eko ve\u013ea \u010dasu str\u00e1vite p\u00edsan\u00edm pri po\u010d\u00edta\u010di: nemeck\u00fd filozof Peter Sloterdijk p\u00edsal v dev\u00e4\u0165desiatych rokoch vo svojej knihe \u201eNa jednej lodi\u201c o tom, \u017ee internet vytv\u00e1ra v istom zmysle soci\u00e1lnych ve\u013ekomestsk\u00fdch pustovn\u00edkov, ktor\u00ed str\u00e1caj\u00fa schopnos\u0165 udr\u017eiava\u0165 norm\u00e1lne \u013eudsk\u00e9 a spolo\u010densk\u00e9 vz\u0165ahy. Ak\u00fd je v\u00e1\u0161 n\u00e1zor na t\u00fato gener\u00e1ciu, ktor\u00e1 sa pravdepodobne ve\u013emi skoro stane rozhoduj\u00facou elitou spolo\u010dnosti?<\/p>\n<p><em>V r\u00e1mci \u201eNew Age\u201c, resp. v niektor\u00fdch in\u00fdch spiritu\u00e1lnych a ezoterick\u00fdch kruhoch existuj\u00fa tendencie udr\u017eiava\u0165 si odstup od ak\u00e9hoko\u013evek umel\u00e9ho \u017eiarenia, po\u010d\u00edta\u010da a Internetu, resp. sa pred nimi r\u00f4znymi sp\u00f4sobmi chr\u00e1ni\u0165. Tak\u00e9to myslenie sp\u00f4sobuje strach a sp\u00fa\u0161\u0165a r\u00f4zne \u00fazkoprs\u00e9, kontroluj\u00face a t\u00fdm blokuj\u00face mechanizmy\/sp\u00f4soby spr\u00e1vania. Ja osobne sa k vami na\u010drtnutej problematike staviam takto: p\u00f4sobenie treba pozorova\u0165, \u201ev\u00fddobytky\u201c na\u0161ej doby vedome pou\u017e\u00edva\u0165 a nevzd\u00e1va\u0165 sa sebazodpovednosti. Pod\u013ea m\u00f4jho n\u00e1zoru m\u00e1 v\u0161etko svoj zmysel. Pochopite\u013ene, sledujem prib\u00fadaj\u00face virtu\u00e1lne svety a komunity, ktor\u00e9 sa pri tom vytv\u00e1raj\u00fa. Vypovedaj\u00fa \u010do-to o \u013eu\u010foch, ktor\u00ed s\u00fa \u201eobyvate\u013emi\u201c t\u00fdchto svetov. T\u00fdmto sa naskyt\u00e1 mo\u017enos\u0165 aj t\u00fdmto sp\u00f4sobom\/touto cestou pr\u00eds\u0165 jedn\u00e9ho d\u0148a k poznaniu, o \u010do im i\u0161lo, \u010do h\u013eadali a pre\u010do potrebovali tento druh\u00fd, imagin\u00e1rny svet.<\/em><\/p>\n<p>Stav uvedomel\u00e9ho, t.j. prebuden\u00e9ho \u010dloveka bude tej dne\u0161nej gener\u00e1cii \u201etie\u0148ov\u00fdch vojakov\u201c zrejme ch\u00fdba\u0165, v\u0161ak? Kedy pre t\u00fato gener\u00e1ciu nastane \u010das prebudenia, ak\u00fa pomoc potrebuje?<\/p>\n<p><em>Na t\u00fato ot\u00e1zku by som rada odpovedala obrazne:<\/em><\/p>\n<p><em>Predstavte si, \u017ee sa nud\u00edte, \u017ee v\u00e1m dlh\u0161\u00ed \u010das ch\u00fdbaj\u00fa impulzy, \u017ee m\u00e1te pocit, akoby vo va\u0161om \u017eivote ch\u00fdbalo nap\u00e4tie. Potom sa o tom rozpr\u00e1vate so zn\u00e1mym a dostanete epoch\u00e1lny n\u00e1pad: vytvor\u00edte si bludisko so v\u0161etk\u00fdmi mo\u017en\u00fdmi finesami, len aby nebolo nudn\u00e9. Ka\u017ed\u00fd v \u0148om nie\u010do n\u00e1jde: akciu, ponuros\u0165, stra\u0161idelnos\u0165, zm\u00e4tenos\u0165, v\u00fdzvu, zvodnos\u0165, skreslenie, \u2026 Rozch\u00fdri sa to. Pri otvoren\u00ed sa pred poklad\u0148ou vytv\u00e1raj\u00fa rady, ka\u017ed\u00fd to chce za\u017ei\u0165 s\u00e1m na vlastnej ko\u017ei. Nevie sa do\u010dka\u0165, ako sa strat\u00ed, nen\u00e1jde cestu, poc\u00edti strach a bude sa robi\u0165 akoby mal naozaj obavy a i\u0161lo mu o \u017eivot. Cel\u00e9 podujatie je jednou obrovskou z\u00e1bavou a prekvit\u00e1. Ka\u017ed\u00fd de\u0148 to ist\u00e9, tie ist\u00e9 rady pred vstupom. Labyrint zdokona\u013euj\u00fa, stavaj\u00fa nov\u00e9, krkolomn\u00e9, na prv\u00fd poh\u013ead neprekonate\u013en\u00e9 prek\u00e1\u017eky, aby mohli aj tomu, kto u\u017e v\u0161etko absolvoval, pon\u00faknu\u0165 \u010dosi nov\u00e9, preborn\u00e9, neo\u010dak\u00e1van\u00e9. A odrazu maj\u00fa niektor\u00ed toho dos\u0165, u\u017e sa im nechce, alebo si naozaj nevedia da\u0165 rady. Mo\u017eno sa precenili. Zvolili si pr\u00edli\u0161 ve\u013ek\u00fd stupe\u0148 obtia\u017enosti, alebo d\u00fafali v neopakovate\u013en\u00fd moment. Nieko\u013eko dn\u00ed bl\u00fadia a nenach\u00e1dzaj\u00fa v\u00fdchod. Niekde uviaznu a nikto im nebe\u017e\u00ed na pomoc. Pre\u010do aj \u2013 nem\u00f4\u017ee sa predsa ni\u010d sta\u0165, ve\u010f je to len hra\u2026 Medzit\u00fdm sa v bludisku a aj pred n\u00edm odohr\u00e1vaj\u00fa r\u00f4zne sc\u00e9ny. K\u00fdm zn\u00e1mi zabl\u00faden\u00e9ho za\u010d\u00ednaj\u00fa so z\u00e1chrannou akciou, resp. chc\u00fa do bludiska vnikn\u00fa\u0165 n\u00e1sil\u00edm, in\u00ed stoja v nap\u00e4tom o\u010dak\u00e1van\u00ed na\u010falej v rade a nedo\u010dkavo sa te\u0161ia na s\u013eubn\u00fd z\u00e1\u017eitok. Zamestnanci labyrintu a zodpovedn\u00e9 osoby sa pok\u00fa\u0161aj\u00fa zabl\u00fadencov z ich \u00fakrytov vyduri\u0165, oni v\u0161ak nereaguj\u00fa. S\u00fa do krvi vystra\u0161en\u00ed, nikomu ned\u00f4veruj\u00fa. \u010co robi\u0165? Ako ich zachr\u00e1ni\u0165? Stra\u0161ideln\u00fd z\u00e1mok prebudova\u0165 na pr\u00edjemn\u00e9 presvetlen\u00e9 miesto, kde z ka\u017ed\u00e9ho k\u00fata znej\u00fa lahodn\u00e9 mel\u00f3die? \u010co potom s t\u00fdmi, \u010do si zak\u00fapili l\u00edstky a euforicky sa hrn\u00fa do stra\u0161ideln\u00e9ho z\u00e1mku?<\/em><\/p>\n<p><em>\u010c\u00edm by bolo prebudenie v takomto pr\u00edbehu? Nie je predsa preb\u00fadzanie ten moment, kedy sa za\u010dneme pozera\u0165 skuto\u010dnosti do tv\u00e1re a zis\u0165ujeme, \u017ee s\u00fa medzi nami \u013eudia, ktor\u00ed sa chc\u00fa b\u00e1\u0165, potrebuj\u00fa stra\u0161ideln\u00fa z\u00e1bavu, a preto si vytv\u00e1raj\u00fa bludisk\u00e1 a tmav\u00e9 z\u00e1mky; ako aj ten moment, kedy si za\u010dneme kl\u00e1s\u0165 sami sebe ot\u00e1zku, \u010di nie sme jedn\u00fdm z nich? A kedy sa zobudia zabl\u00fadenci? V momente, ke\u010f sa rozhodn\u00fa otvori\u0165 o\u010di a pripomen\u00fa si, spam\u00e4taj\u00fa, \u017ee sa nach\u00e1dzaj\u00fa v hre, ktor\u00fa venovali sami sebe, ktor\u00fa chceli sami za\u017ei\u0165, a to \u017ee nevedia ako z konop\u00ed tie\u017e patr\u00ed k prek\u00e1\u017ekam, ktor\u00e9 chceli prekona\u0165.<\/em><\/p>\n<p>Keby ste si mohli nie\u010do za\u017eela\u0165, osobne i pre svet, \u010do by to bolo?<\/p>\n<p><em>Aby si ka\u017ed\u00fd najprv pozametal pred vlastn\u00fdm prahom, preto\u017ee \u2026<\/em><\/p>\n<p><em>Som presved\u010den\u00e1:<\/em><\/p>\n<p><em>Keby ka\u017ed\u00fd robil to, \u010do je v jeho prirodzenosti, a keby sa ka\u017ed\u00fd orientoval pod\u013ea seba, keby d\u00f4veroval vlastn\u00fdm pocitom, robil krok za krokom a nechal sa nies\u0165 vlastn\u00fdmi nohami, keby si nezv\u00e4zoval ruky a naopak, dovolil im kona\u0165\u2026 potom by v\u0161etko n\u00e1dherne prech\u00e1dzalo a plynulo z jedn\u00e9ho do druh\u00e9ho. T\u00fdm by sme si umo\u017enili spozna\u0165, \u017ee m\u00e1me k dispoz\u00edcii v\u0161etko, \u010do potrebujeme, a n\u00e1\u0161 svet by bol svetom, kde by namiesto ned\u00f4very panovala d\u00f4vera v seba sam\u00e9ho a v \u017eivot ako tak\u00fd.<\/em><\/p>\n<p>Horst Exler, 2009 (preklad z nemeck\u00e9ho origin\u00e1lu <a href=\"https:\/\/kristinahazler.com\/wp-content\/uploads\/2010\/02\/Interview-mit-Kristina-Hazler1.pdf\" target=\"_blank\" rel=\"noopener\">&#8222;Interview mit Kristina Hazler&#8220;<\/a>)<\/p>\n","protected":false},"excerpt":{"rendered":"<p>Keby ka\u017ed\u00fd robil to, \u010do je v jeho prirodzenosti, a keby sa ka\u017ed\u00fd orientoval pod\u013ea seba, keby d\u00f4veroval vlastn\u00fdm pocitom, robil krok za krokom a nechal sa nies\u0165 vlastn\u00fdmi nohami, keby si nezv\u00e4zoval ruky a naopak, dovolil im kona\u0165\u2026 potom by v\u0161etko n\u00e1dherne prech\u00e1dzalo a plynulo z jedn\u00e9ho do druh\u00e9ho. T\u00fdm by sme si umo\u017enili spozna\u0165, \u017ee m\u00e1me k dispoz\u00edcii v\u0161etko, \u010do potrebujeme, a n\u00e1\u0161 svet by bol svetom, kde by namiesto ned\u00f4very panovala d\u00f4vera v seba sam\u00e9ho a v \u017eivot ako tak\u00fd.<\/p>\n","protected":false},"author":1,"featured_media":0,"comment_status":"open","ping_status":"closed","sticky":false,"template":"","format":"standard","meta":{"site-sidebar-layout":"default","site-content-layout":"","ast-site-content-layout":"default","site-content-style":"default","site-sidebar-style":"default","ast-global-header-display":"","ast-banner-title-visibility":"","ast-main-header-display":"","ast-hfb-above-header-display":"","ast-hfb-below-header-display":"","ast-hfb-mobile-header-display":"","site-post-title":"","ast-breadcrumbs-content":"","ast-featured-img":"","footer-sml-layout":"","ast-disable-related-posts":"","theme-transparent-header-meta":"","adv-header-id-meta":"","stick-header-meta":"","header-above-stick-meta":"","header-main-stick-meta":"","header-below-stick-meta":"","astra-migrate-meta-layouts":"default","ast-page-background-enabled":"default","ast-page-background-meta":{"desktop":{"background-color":"var(--ast-global-color-4)","background-image":"","background-repeat":"repeat","background-position":"center center","background-size":"auto","background-attachment":"scroll","background-type":"","background-media":"","overlay-type":"","overlay-color":"","overlay-opacity":"","overlay-gradient":""},"tablet":{"background-color":"","background-image":"","background-repeat":"repeat","background-position":"center center","background-size":"auto","background-attachment":"scroll","background-type":"","background-media":"","overlay-type":"","overlay-color":"","overlay-opacity":"","overlay-gradient":""},"mobile":{"background-color":"","background-image":"","background-repeat":"repeat","background-position":"center center","background-size":"auto","background-attachment":"scroll","background-type":"","background-media":"","overlay-type":"","overlay-color":"","overlay-opacity":"","overlay-gradient":""}},"ast-content-background-meta":{"desktop":{"background-color":"var(--ast-global-color-5)","background-image":"","background-repeat":"repeat","background-position":"center center","background-size":"auto","background-attachment":"scroll","background-type":"","background-media":"","overlay-type":"","overlay-color":"","overlay-opacity":"","overlay-gradient":""},"tablet":{"background-color":"var(--ast-global-color-5)","background-image":"","background-repeat":"repeat","background-position":"center center","background-size":"auto","background-attachment":"scroll","background-type":"","background-media":"","overlay-type":"","overlay-color":"","overlay-opacity":"","overlay-gradient":""},"mobile":{"background-color":"var(--ast-global-color-5)","background-image":"","background-repeat":"repeat","background-position":"center center","background-size":"auto","background-attachment":"scroll","background-type":"","background-media":"","overlay-type":"","overlay-color":"","overlay-opacity":"","overlay-gradient":""}},"jetpack_post_was_ever_published":false,"_jetpack_newsletter_access":"","_jetpack_dont_email_post_to_subs":false,"_jetpack_newsletter_tier_id":0,"_jetpack_memberships_contains_paywalled_content":false,"_jetpack_memberships_contains_paid_content":false,"footnotes":"","jetpack_publicize_message":"","jetpack_publicize_feature_enabled":true,"jetpack_social_post_already_shared":false,"jetpack_social_options":{"image_generator_settings":{"template":"highway","default_image_id":0,"font":"","enabled":false},"version":2}},"categories":[6503,128],"tags":[],"class_list":["post-654","post","type-post","status-publish","format-standard","hentry","category-koucing-vedomia","category-vedomy-zivot"],"yoast_head":"<!-- This site is optimized with the Yoast SEO Premium plugin v27.5 (Yoast SEO v27.5) - https:\/\/yoast.com\/product\/yoast-seo-premium-wordpress\/ -->\n<title>\u017divot je mnohostrann\u00fd - Rozhovor s kou\u010dkou vedomia Krist\u00ednou Hazler<\/title>\n<meta name=\"description\" content=\"\u017divot je mnohostrann\u00fd. Ja patr\u00edm k t\u00fdm, ktor\u00ed radi komunikuj\u00fa so \u017eivotom v celej jeho mnohotv\u00e1rnosti. Ak\u00e1ko\u013evek t\u00e9ma vy\u017eaduje ur\u010dit\u00fd uhol poh\u013eadu ...\" \/>\n<meta name=\"robots\" content=\"index, follow, max-snippet:-1, max-image-preview:large, max-video-preview:-1\" \/>\n<link rel=\"canonical\" href=\"https:\/\/kristinahazler.com\/sk\/zivot-je-mnohostranny-rozhovor-s-kristinou-hazler\/\" \/>\n<meta property=\"og:locale\" content=\"sk_SK\" \/>\n<meta property=\"og:type\" content=\"article\" \/>\n<meta property=\"og:title\" content=\"\u017divot je mnohostrann\u00fd - Rozhovor s kou\u010dkou vedomia Krist\u00ednou Hazler\" \/>\n<meta property=\"og:description\" content=\"\u017divot je mnohostrann\u00fd. Ja patr\u00edm k t\u00fdm, ktor\u00ed radi komunikuj\u00fa so \u017eivotom v celej jeho mnohotv\u00e1rnosti. Ak\u00e1ko\u013evek t\u00e9ma vy\u017eaduje ur\u010dit\u00fd uhol poh\u013eadu ... Ak\u00fdmi o\u010dami by sme sa mali pozera\u0165 na \u013eud\u00ed? S vedom\u00edm, \u017ee nevieme, v akej v\u00fdvojovej f\u00e1ze sa doty\u010dn\u00fd \u010dlovek nach\u00e1dza, a \u017ee existuje mo\u017enos\u0165, \u017ee to, \u010do my zvl\u00e1dame \u013eavou zadnou, m\u00f4\u017ee pre\u0148ho predstavova\u0165 neprekonate\u013en\u00fa horu, a \u017ee ani t\u00e1to skuto\u010dnos\u0165 e\u0161te st\u00e1le ni\u010d nevypoved\u00e1 o jeho kvalite. Av\u0161ak pri ka\u017edom pozorovan\u00ed in\u00e9ho \u010dloveka dost\u00e1vame inform\u00e1ciu o na\u0161ej vlastnej kvalite.\" \/>\n<meta property=\"og:url\" content=\"https:\/\/kristinahazler.com\/sk\/zivot-je-mnohostranny-rozhovor-s-kristinou-hazler\/\" \/>\n<meta property=\"og:site_name\" content=\"NOV\u00c9 VEDOMIE - Krist\u00edna Hazler\" \/>\n<meta property=\"article:publisher\" content=\"https:\/\/www.facebook.com\/kristina.hazler\/\" \/>\n<meta property=\"article:author\" content=\"https:\/\/www.facebook.com\/kristina.hazler\/\" \/>\n<meta property=\"article:published_time\" content=\"2010-03-15T10:21:38+00:00\" \/>\n<meta property=\"article:modified_time\" content=\"2026-03-05T14:01:47+00:00\" \/>\n<meta property=\"og:image\" content=\"https:\/\/kristinahazler.com\/wp-content\/uploads\/2016\/11\/shutterstock_261069638.jpg\" \/>\n<meta name=\"author\" content=\"Kristina Hazler\" \/>\n<meta name=\"twitter:card\" content=\"summary_large_image\" \/>\n<meta name=\"twitter:title\" content=\"\u017divot je mnohostrann\u00fd - Rozhovor s Krist\u00ednou Hazler\" \/>\n<meta name=\"twitter:description\" content=\"\u017divot je mnohostrann\u00fd. Ja patr\u00edm k t\u00fdm, ktor\u00ed radi komunikuj\u00fa so \u017eivotom v celej jeho mnohotv\u00e1rnosti. Ak\u00e1ko\u013evek t\u00e9ma vy\u017eaduje ur\u010dit\u00fd uhol poh\u013eadu ...\" \/>\n<meta name=\"twitter:label1\" content=\"Autor\" \/>\n\t<meta name=\"twitter:data1\" content=\"Kristina Hazler\" \/>\n\t<meta name=\"twitter:label2\" content=\"Predpokladan\u00fd \u010das \u010d\u00edtania\" \/>\n\t<meta name=\"twitter:data2\" content=\"14 minutes\" \/>\n<script type=\"application\/ld+json\" class=\"yoast-schema-graph\">{\"@context\":\"https:\\\/\\\/schema.org\",\"@graph\":[{\"@type\":\"Article\",\"@id\":\"https:\\\/\\\/kristinahazler.com\\\/sk\\\/zivot-je-mnohostranny-rozhovor-s-kristinou-hazler\\\/#article\",\"isPartOf\":{\"@id\":\"https:\\\/\\\/kristinahazler.com\\\/sk\\\/zivot-je-mnohostranny-rozhovor-s-kristinou-hazler\\\/\"},\"author\":{\"name\":\"Kristina Hazler\",\"@id\":\"https:\\\/\\\/kristinahazler.com\\\/sk\\\/#\\\/schema\\\/person\\\/6bc855106c5db19273ae230f77bc2cf5\"},\"headline\":\"\u017divot je mnohostrann\u00fd &#8211; Rozhovor s autorkou a kou\u010dkou vedomia Krist\u00ednou Hazler\",\"datePublished\":\"2010-03-15T10:21:38+00:00\",\"dateModified\":\"2026-03-05T14:01:47+00:00\",\"mainEntityOfPage\":{\"@id\":\"https:\\\/\\\/kristinahazler.com\\\/sk\\\/zivot-je-mnohostranny-rozhovor-s-kristinou-hazler\\\/\"},\"wordCount\":2771,\"commentCount\":0,\"publisher\":{\"@id\":\"https:\\\/\\\/kristinahazler.com\\\/sk\\\/#organization\"},\"image\":{\"@id\":\"https:\\\/\\\/kristinahazler.com\\\/sk\\\/zivot-je-mnohostranny-rozhovor-s-kristinou-hazler\\\/#primaryimage\"},\"thumbnailUrl\":\"https:\\\/\\\/kristinahazler.com\\\/wp-content\\\/uploads\\\/2016\\\/11\\\/shutterstock_261069638.jpg\",\"articleSection\":[\"Kou\u010ding vedomia\",\"Vedom\u00fd \u017eivot\"],\"inLanguage\":\"sk-SK\",\"potentialAction\":[{\"@type\":\"CommentAction\",\"name\":\"Comment\",\"target\":[\"https:\\\/\\\/kristinahazler.com\\\/sk\\\/zivot-je-mnohostranny-rozhovor-s-kristinou-hazler\\\/#respond\"]}]},{\"@type\":\"WebPage\",\"@id\":\"https:\\\/\\\/kristinahazler.com\\\/sk\\\/zivot-je-mnohostranny-rozhovor-s-kristinou-hazler\\\/\",\"url\":\"https:\\\/\\\/kristinahazler.com\\\/sk\\\/zivot-je-mnohostranny-rozhovor-s-kristinou-hazler\\\/\",\"name\":\"\u017divot je mnohostrann\u00fd - Rozhovor s kou\u010dkou vedomia Krist\u00ednou Hazler\",\"isPartOf\":{\"@id\":\"https:\\\/\\\/kristinahazler.com\\\/sk\\\/#website\"},\"primaryImageOfPage\":{\"@id\":\"https:\\\/\\\/kristinahazler.com\\\/sk\\\/zivot-je-mnohostranny-rozhovor-s-kristinou-hazler\\\/#primaryimage\"},\"image\":{\"@id\":\"https:\\\/\\\/kristinahazler.com\\\/sk\\\/zivot-je-mnohostranny-rozhovor-s-kristinou-hazler\\\/#primaryimage\"},\"thumbnailUrl\":\"https:\\\/\\\/kristinahazler.com\\\/wp-content\\\/uploads\\\/2016\\\/11\\\/shutterstock_261069638.jpg\",\"datePublished\":\"2010-03-15T10:21:38+00:00\",\"dateModified\":\"2026-03-05T14:01:47+00:00\",\"description\":\"\u017divot je mnohostrann\u00fd. Ja patr\u00edm k t\u00fdm, ktor\u00ed radi komunikuj\u00fa so \u017eivotom v celej jeho mnohotv\u00e1rnosti. Ak\u00e1ko\u013evek t\u00e9ma vy\u017eaduje ur\u010dit\u00fd uhol poh\u013eadu ...\",\"breadcrumb\":{\"@id\":\"https:\\\/\\\/kristinahazler.com\\\/sk\\\/zivot-je-mnohostranny-rozhovor-s-kristinou-hazler\\\/#breadcrumb\"},\"inLanguage\":\"sk-SK\",\"potentialAction\":[{\"@type\":\"ReadAction\",\"target\":[\"https:\\\/\\\/kristinahazler.com\\\/sk\\\/zivot-je-mnohostranny-rozhovor-s-kristinou-hazler\\\/\"]}]},{\"@type\":\"ImageObject\",\"inLanguage\":\"sk-SK\",\"@id\":\"https:\\\/\\\/kristinahazler.com\\\/sk\\\/zivot-je-mnohostranny-rozhovor-s-kristinou-hazler\\\/#primaryimage\",\"url\":\"https:\\\/\\\/kristinahazler.com\\\/wp-content\\\/uploads\\\/2016\\\/11\\\/shutterstock_261069638.jpg\",\"contentUrl\":\"https:\\\/\\\/kristinahazler.com\\\/wp-content\\\/uploads\\\/2016\\\/11\\\/shutterstock_261069638.jpg\"},{\"@type\":\"BreadcrumbList\",\"@id\":\"https:\\\/\\\/kristinahazler.com\\\/sk\\\/zivot-je-mnohostranny-rozhovor-s-kristinou-hazler\\\/#breadcrumb\",\"itemListElement\":[{\"@type\":\"ListItem\",\"position\":1,\"name\":\"Start\",\"item\":\"https:\\\/\\\/kristinahazler.com\\\/sk\\\/\"},{\"@type\":\"ListItem\",\"position\":2,\"name\":\"\u017divot je mnohostrann\u00fd &#8211; Rozhovor s autorkou a kou\u010dkou vedomia Krist\u00ednou Hazler\"}]},{\"@type\":\"WebSite\",\"@id\":\"https:\\\/\\\/kristinahazler.com\\\/sk\\\/#website\",\"url\":\"https:\\\/\\\/kristinahazler.com\\\/sk\\\/\",\"name\":\"NEUES BEWUSSTSEIN - Kristina Hazler\",\"description\":\"Poradenstvo | Kou\u010ding | Terapia | Knihy | Blog\",\"publisher\":{\"@id\":\"https:\\\/\\\/kristinahazler.com\\\/sk\\\/#organization\"},\"potentialAction\":[{\"@type\":\"SearchAction\",\"target\":{\"@type\":\"EntryPoint\",\"urlTemplate\":\"https:\\\/\\\/kristinahazler.com\\\/sk\\\/?s={search_term_string}\"},\"query-input\":{\"@type\":\"PropertyValueSpecification\",\"valueRequired\":true,\"valueName\":\"search_term_string\"}}],\"inLanguage\":\"sk-SK\"},{\"@type\":[\"Organization\",\"Place\"],\"@id\":\"https:\\\/\\\/kristinahazler.com\\\/sk\\\/#organization\",\"name\":\"Kristina Hazler\",\"url\":\"https:\\\/\\\/kristinahazler.com\\\/sk\\\/\",\"logo\":{\"@id\":\"https:\\\/\\\/kristinahazler.com\\\/sk\\\/zivot-je-mnohostranny-rozhovor-s-kristinou-hazler\\\/#local-main-organization-logo\"},\"image\":{\"@id\":\"https:\\\/\\\/kristinahazler.com\\\/sk\\\/zivot-je-mnohostranny-rozhovor-s-kristinou-hazler\\\/#local-main-organization-logo\"},\"sameAs\":[\"https:\\\/\\\/www.facebook.com\\\/kristina.hazler\\\/\",\"https:\\\/\\\/www.instagram.com\\\/kristinahazler_bewusstleben\\\/\"],\"address\":{\"@id\":\"https:\\\/\\\/kristinahazler.com\\\/sk\\\/zivot-je-mnohostranny-rozhovor-s-kristinou-hazler\\\/#local-main-place-address\"},\"geo\":{\"@type\":\"GeoCoordinates\",\"latitude\":\"48.288049\",\"longitude\":\"16.3649529\"},\"telephone\":[\"+4369917113130\",\"+4369919002013\"],\"openingHoursSpecification\":[],\"email\":\"info@kristinahazler.com\",\"vatID\":\"ATU65839701\"},{\"@type\":\"Person\",\"@id\":\"https:\\\/\\\/kristinahazler.com\\\/sk\\\/#\\\/schema\\\/person\\\/6bc855106c5db19273ae230f77bc2cf5\",\"name\":\"Kristina Hazler\",\"description\":\"Wien\",\"sameAs\":[\"http:\\\/\\\/www.kristinahazler.com\",\"https:\\\/\\\/www.facebook.com\\\/kristina.hazler\\\/\",\"https:\\\/\\\/www.instagram.com\\\/kristinahazler_bewusstleben\\\/\"],\"url\":\"https:\\\/\\\/kristinahazler.com\\\/sk\\\/author\\\/admin\\\/\"},{\"@type\":\"PostalAddress\",\"@id\":\"https:\\\/\\\/kristinahazler.com\\\/sk\\\/zivot-je-mnohostranny-rozhovor-s-kristinou-hazler\\\/#local-main-place-address\",\"streetAddress\":\"BewusstseinsAkademie OG, Lagerstra\u00dfe 1-5\\\/2\\\/1\",\"addressLocality\":\"Langenzersdorf\",\"postalCode\":\"2103\",\"addressCountry\":\"AT\"},{\"@type\":\"ImageObject\",\"inLanguage\":\"sk-SK\",\"@id\":\"https:\\\/\\\/kristinahazler.com\\\/sk\\\/zivot-je-mnohostranny-rozhovor-s-kristinou-hazler\\\/#local-main-organization-logo\",\"url\":\"https:\\\/\\\/kristinahazler.com\\\/wp-content\\\/uploads\\\/Logo-Neues-Bewusstsein-rot.png\",\"contentUrl\":\"https:\\\/\\\/kristinahazler.com\\\/wp-content\\\/uploads\\\/Logo-Neues-Bewusstsein-rot.png\",\"width\":500,\"height\":500,\"caption\":\"Kristina Hazler\"}]}<\/script>\n<meta name=\"geo.placename\" content=\"Langenzersdorf\" \/>\n<meta name=\"geo.position\" content=\"48.288049;16.3649529\" \/>\n<meta name=\"geo.region\" content=\"Austria\" \/>\n<!-- \/ Yoast SEO Premium plugin. -->","yoast_head_json":{"title":"\u017divot je mnohostrann\u00fd - Rozhovor s kou\u010dkou vedomia Krist\u00ednou Hazler","description":"\u017divot je mnohostrann\u00fd. Ja patr\u00edm k t\u00fdm, ktor\u00ed radi komunikuj\u00fa so \u017eivotom v celej jeho mnohotv\u00e1rnosti. Ak\u00e1ko\u013evek t\u00e9ma vy\u017eaduje ur\u010dit\u00fd uhol poh\u013eadu ...","robots":{"index":"index","follow":"follow","max-snippet":"max-snippet:-1","max-image-preview":"max-image-preview:large","max-video-preview":"max-video-preview:-1"},"canonical":"https:\/\/kristinahazler.com\/sk\/zivot-je-mnohostranny-rozhovor-s-kristinou-hazler\/","og_locale":"sk_SK","og_type":"article","og_title":"\u017divot je mnohostrann\u00fd - Rozhovor s kou\u010dkou vedomia Krist\u00ednou Hazler","og_description":"\u017divot je mnohostrann\u00fd. Ja patr\u00edm k t\u00fdm, ktor\u00ed radi komunikuj\u00fa so \u017eivotom v celej jeho mnohotv\u00e1rnosti. Ak\u00e1ko\u013evek t\u00e9ma vy\u017eaduje ur\u010dit\u00fd uhol poh\u013eadu ... Ak\u00fdmi o\u010dami by sme sa mali pozera\u0165 na \u013eud\u00ed? S vedom\u00edm, \u017ee nevieme, v akej v\u00fdvojovej f\u00e1ze sa doty\u010dn\u00fd \u010dlovek nach\u00e1dza, a \u017ee existuje mo\u017enos\u0165, \u017ee to, \u010do my zvl\u00e1dame \u013eavou zadnou, m\u00f4\u017ee pre\u0148ho predstavova\u0165 neprekonate\u013en\u00fa horu, a \u017ee ani t\u00e1to skuto\u010dnos\u0165 e\u0161te st\u00e1le ni\u010d nevypoved\u00e1 o jeho kvalite. Av\u0161ak pri ka\u017edom pozorovan\u00ed in\u00e9ho \u010dloveka dost\u00e1vame inform\u00e1ciu o na\u0161ej vlastnej kvalite.","og_url":"https:\/\/kristinahazler.com\/sk\/zivot-je-mnohostranny-rozhovor-s-kristinou-hazler\/","og_site_name":"NOV\u00c9 VEDOMIE - Krist\u00edna Hazler","article_publisher":"https:\/\/www.facebook.com\/kristina.hazler\/","article_author":"https:\/\/www.facebook.com\/kristina.hazler\/","article_published_time":"2010-03-15T10:21:38+00:00","article_modified_time":"2026-03-05T14:01:47+00:00","og_image":[{"url":"https:\/\/kristinahazler.com\/wp-content\/uploads\/2016\/11\/shutterstock_261069638.jpg","type":"","width":"","height":""}],"author":"Kristina Hazler","twitter_card":"summary_large_image","twitter_title":"\u017divot je mnohostrann\u00fd - Rozhovor s Krist\u00ednou Hazler","twitter_description":"\u017divot je mnohostrann\u00fd. Ja patr\u00edm k t\u00fdm, ktor\u00ed radi komunikuj\u00fa so \u017eivotom v celej jeho mnohotv\u00e1rnosti. Ak\u00e1ko\u013evek t\u00e9ma vy\u017eaduje ur\u010dit\u00fd uhol poh\u013eadu ...","twitter_misc":{"Autor":"Kristina Hazler","Predpokladan\u00fd \u010das \u010d\u00edtania":"14 minutes"},"schema":{"@context":"https:\/\/schema.org","@graph":[{"@type":"Article","@id":"https:\/\/kristinahazler.com\/sk\/zivot-je-mnohostranny-rozhovor-s-kristinou-hazler\/#article","isPartOf":{"@id":"https:\/\/kristinahazler.com\/sk\/zivot-je-mnohostranny-rozhovor-s-kristinou-hazler\/"},"author":{"name":"Kristina Hazler","@id":"https:\/\/kristinahazler.com\/sk\/#\/schema\/person\/6bc855106c5db19273ae230f77bc2cf5"},"headline":"\u017divot je mnohostrann\u00fd &#8211; Rozhovor s autorkou a kou\u010dkou vedomia Krist\u00ednou Hazler","datePublished":"2010-03-15T10:21:38+00:00","dateModified":"2026-03-05T14:01:47+00:00","mainEntityOfPage":{"@id":"https:\/\/kristinahazler.com\/sk\/zivot-je-mnohostranny-rozhovor-s-kristinou-hazler\/"},"wordCount":2771,"commentCount":0,"publisher":{"@id":"https:\/\/kristinahazler.com\/sk\/#organization"},"image":{"@id":"https:\/\/kristinahazler.com\/sk\/zivot-je-mnohostranny-rozhovor-s-kristinou-hazler\/#primaryimage"},"thumbnailUrl":"https:\/\/kristinahazler.com\/wp-content\/uploads\/2016\/11\/shutterstock_261069638.jpg","articleSection":["Kou\u010ding vedomia","Vedom\u00fd \u017eivot"],"inLanguage":"sk-SK","potentialAction":[{"@type":"CommentAction","name":"Comment","target":["https:\/\/kristinahazler.com\/sk\/zivot-je-mnohostranny-rozhovor-s-kristinou-hazler\/#respond"]}]},{"@type":"WebPage","@id":"https:\/\/kristinahazler.com\/sk\/zivot-je-mnohostranny-rozhovor-s-kristinou-hazler\/","url":"https:\/\/kristinahazler.com\/sk\/zivot-je-mnohostranny-rozhovor-s-kristinou-hazler\/","name":"\u017divot je mnohostrann\u00fd - Rozhovor s kou\u010dkou vedomia Krist\u00ednou Hazler","isPartOf":{"@id":"https:\/\/kristinahazler.com\/sk\/#website"},"primaryImageOfPage":{"@id":"https:\/\/kristinahazler.com\/sk\/zivot-je-mnohostranny-rozhovor-s-kristinou-hazler\/#primaryimage"},"image":{"@id":"https:\/\/kristinahazler.com\/sk\/zivot-je-mnohostranny-rozhovor-s-kristinou-hazler\/#primaryimage"},"thumbnailUrl":"https:\/\/kristinahazler.com\/wp-content\/uploads\/2016\/11\/shutterstock_261069638.jpg","datePublished":"2010-03-15T10:21:38+00:00","dateModified":"2026-03-05T14:01:47+00:00","description":"\u017divot je mnohostrann\u00fd. Ja patr\u00edm k t\u00fdm, ktor\u00ed radi komunikuj\u00fa so \u017eivotom v celej jeho mnohotv\u00e1rnosti. Ak\u00e1ko\u013evek t\u00e9ma vy\u017eaduje ur\u010dit\u00fd uhol poh\u013eadu ...","breadcrumb":{"@id":"https:\/\/kristinahazler.com\/sk\/zivot-je-mnohostranny-rozhovor-s-kristinou-hazler\/#breadcrumb"},"inLanguage":"sk-SK","potentialAction":[{"@type":"ReadAction","target":["https:\/\/kristinahazler.com\/sk\/zivot-je-mnohostranny-rozhovor-s-kristinou-hazler\/"]}]},{"@type":"ImageObject","inLanguage":"sk-SK","@id":"https:\/\/kristinahazler.com\/sk\/zivot-je-mnohostranny-rozhovor-s-kristinou-hazler\/#primaryimage","url":"https:\/\/kristinahazler.com\/wp-content\/uploads\/2016\/11\/shutterstock_261069638.jpg","contentUrl":"https:\/\/kristinahazler.com\/wp-content\/uploads\/2016\/11\/shutterstock_261069638.jpg"},{"@type":"BreadcrumbList","@id":"https:\/\/kristinahazler.com\/sk\/zivot-je-mnohostranny-rozhovor-s-kristinou-hazler\/#breadcrumb","itemListElement":[{"@type":"ListItem","position":1,"name":"Start","item":"https:\/\/kristinahazler.com\/sk\/"},{"@type":"ListItem","position":2,"name":"\u017divot je mnohostrann\u00fd &#8211; Rozhovor s autorkou a kou\u010dkou vedomia Krist\u00ednou Hazler"}]},{"@type":"WebSite","@id":"https:\/\/kristinahazler.com\/sk\/#website","url":"https:\/\/kristinahazler.com\/sk\/","name":"NEUES BEWUSSTSEIN - Kristina Hazler","description":"Poradenstvo | Kou\u010ding | Terapia | Knihy | Blog","publisher":{"@id":"https:\/\/kristinahazler.com\/sk\/#organization"},"potentialAction":[{"@type":"SearchAction","target":{"@type":"EntryPoint","urlTemplate":"https:\/\/kristinahazler.com\/sk\/?s={search_term_string}"},"query-input":{"@type":"PropertyValueSpecification","valueRequired":true,"valueName":"search_term_string"}}],"inLanguage":"sk-SK"},{"@type":["Organization","Place"],"@id":"https:\/\/kristinahazler.com\/sk\/#organization","name":"Kristina Hazler","url":"https:\/\/kristinahazler.com\/sk\/","logo":{"@id":"https:\/\/kristinahazler.com\/sk\/zivot-je-mnohostranny-rozhovor-s-kristinou-hazler\/#local-main-organization-logo"},"image":{"@id":"https:\/\/kristinahazler.com\/sk\/zivot-je-mnohostranny-rozhovor-s-kristinou-hazler\/#local-main-organization-logo"},"sameAs":["https:\/\/www.facebook.com\/kristina.hazler\/","https:\/\/www.instagram.com\/kristinahazler_bewusstleben\/"],"address":{"@id":"https:\/\/kristinahazler.com\/sk\/zivot-je-mnohostranny-rozhovor-s-kristinou-hazler\/#local-main-place-address"},"geo":{"@type":"GeoCoordinates","latitude":"48.288049","longitude":"16.3649529"},"telephone":["+4369917113130","+4369919002013"],"openingHoursSpecification":[],"email":"info@kristinahazler.com","vatID":"ATU65839701"},{"@type":"Person","@id":"https:\/\/kristinahazler.com\/sk\/#\/schema\/person\/6bc855106c5db19273ae230f77bc2cf5","name":"Kristina Hazler","description":"Wien","sameAs":["http:\/\/www.kristinahazler.com","https:\/\/www.facebook.com\/kristina.hazler\/","https:\/\/www.instagram.com\/kristinahazler_bewusstleben\/"],"url":"https:\/\/kristinahazler.com\/sk\/author\/admin\/"},{"@type":"PostalAddress","@id":"https:\/\/kristinahazler.com\/sk\/zivot-je-mnohostranny-rozhovor-s-kristinou-hazler\/#local-main-place-address","streetAddress":"BewusstseinsAkademie OG, Lagerstra\u00dfe 1-5\/2\/1","addressLocality":"Langenzersdorf","postalCode":"2103","addressCountry":"AT"},{"@type":"ImageObject","inLanguage":"sk-SK","@id":"https:\/\/kristinahazler.com\/sk\/zivot-je-mnohostranny-rozhovor-s-kristinou-hazler\/#local-main-organization-logo","url":"https:\/\/kristinahazler.com\/wp-content\/uploads\/Logo-Neues-Bewusstsein-rot.png","contentUrl":"https:\/\/kristinahazler.com\/wp-content\/uploads\/Logo-Neues-Bewusstsein-rot.png","width":500,"height":500,"caption":"Kristina Hazler"}]},"geo.placename":"Langenzersdorf","geo.position":{"lat":"48.288049","long":"16.3649529"},"geo.region":"Austria"},"jetpack_publicize_connections":[],"jetpack_featured_media_url":"","acf":[],"jetpack-related-posts":[{"id":596,"url":"https:\/\/kristinahazler.com\/sk\/trening-vedomia-ludsky-paradox\/","url_meta":{"origin":654,"position":0},"title":"Tr\u00e9ning vedomia \u2013 \u013dudsk\u00fd paradox","author":"Kristina Hazler","date":"16. marec 2010","format":false,"excerpt":"Recenzia: Tr\u00e9ning vedomia \u2013 \u013eudsk\u00fd paradox od Kristiny Hazler opisuje v \u017eiv\u00fdch a rozmanit\u00fdch pr\u00edbehoch a rozhovoroch ve\u013ek\u00e9 a mal\u00e9 \u00fatrapy ka\u017edodenn\u00e9ho \u017eivota. Tieto rozhovory \u2013 ako synonymum v\u00fdmeny a komunik\u00e1cie \u2013 sa odohr\u00e1vaj\u00fa na r\u00f4znych \u00farovniach vedomia a sprev\u00e1dzaj\u00fa \u010ditate\u013eov na dobrodru\u017enej a fascinuj\u00facej ceste vlastn\u00e9ho preb\u00fadzania a spozn\u00e1vania\u2026","rel":"","context":"In &quot;Knihy&quot;","block_context":{"text":"Knihy","link":"https:\/\/kristinahazler.com\/sk\/kategoria\/knihy\/"},"img":{"alt_text":"Buchcover: Bewusstseins Coaching","src":"https:\/\/i0.wp.com\/kristinahazler.com\/wp-content\/uploads\/2011\/07\/BC-297x300.jpg?resize=350%2C200","width":350,"height":200},"classes":[]},{"id":141963,"url":"https:\/\/kristinahazler.com\/sk\/senzibilita-a-aktualna-kvalita-casu-na-co-by-sme-mali-davat-pozor\/","url_meta":{"origin":654,"position":1},"title":"Senzibilita a aktu\u00e1lna kvalita \u010dasu \u2013 na \u010do by sme mali d\u00e1va\u0165 pozor?","author":"Kristina Hazler","date":"4. okt\u00f3ber 2025","format":false,"excerpt":"Probl\u00e9m citliv\u00fdch \u013eud\u00ed je, \u017ee na rozdiel od t\u00fdch, ktor\u00ed maj\u00fa hrub\u00fa ko\u017eu, oni maj\u00fa prirodzene tenk\u00fa ko\u017eu. To je vlastne zmysel citlivosti. S\u00fa\u010dasn\u00e9 nahromaden\u00e9 a zhusten\u00e9 energie, ktor\u00e9 hrozia kedyko\u013evek explodova\u0165, v\u0161ak maj\u00fa ma\u0165 vplyv predov\u0161etk\u00fdm na menej citliv\u00fdch \u013eud\u00ed. Sila a hustota musia by\u0165 tak d\u00e1vkovan\u00e9, aby aj\u2026","rel":"","context":"In &quot;Aktu\u00e1lna kvalita \u010dasu&quot;","block_context":{"text":"Aktu\u00e1lna kvalita \u010dasu","link":"https:\/\/kristinahazler.com\/sk\/kategoria\/blog\/vedomy-zivot\/aktualna-kvalita-casu\/"},"img":{"alt_text":"Frau meditiert mit goldenem Licht","src":"https:\/\/i0.wp.com\/kristinahazler.com\/wp-content\/uploads\/Sensibilitaet.webp?resize=350%2C200&ssl=1","width":350,"height":200,"srcset":"https:\/\/i0.wp.com\/kristinahazler.com\/wp-content\/uploads\/Sensibilitaet.webp?resize=350%2C200&ssl=1 1x, https:\/\/i0.wp.com\/kristinahazler.com\/wp-content\/uploads\/Sensibilitaet.webp?resize=525%2C300&ssl=1 1.5x, https:\/\/i0.wp.com\/kristinahazler.com\/wp-content\/uploads\/Sensibilitaet.webp?resize=700%2C400&ssl=1 2x, https:\/\/i0.wp.com\/kristinahazler.com\/wp-content\/uploads\/Sensibilitaet.webp?resize=1050%2C600&ssl=1 3x, https:\/\/i0.wp.com\/kristinahazler.com\/wp-content\/uploads\/Sensibilitaet.webp?resize=1400%2C800&ssl=1 4x"},"classes":[]},{"id":2867,"url":"https:\/\/kristinahazler.com\/sk\/to-snad-nie-je-pravda\/","url_meta":{"origin":654,"position":2},"title":"To sn\u00e1\u010f nie je pravda!","author":"Kristina Hazler","date":"26. September 2014","format":false,"excerpt":"\u017dijeme v \u010dase, v ktorom sa slov\u00e1 ako wellnes, zdravie a pohoda, relax, energia, fitnes... stali modern\u00fdmi, \u201ein\u201c. Neexistuj\u00fa noviny, \u010dasopis, telev\u00edzne alebo r\u00e1diov\u00e9 vysielanie, ktor\u00e9 by sa t\u00fdmito \u201et\u00e9mami\u201c nezaoberali. Reklama s\u013eubuje n\u00e1dej na lep\u0161ie dni, na bezstarostn\u00e9, harmonick\u00e9 hodiny. U\u017e po kr\u00e1tkom \u010dase sa m\u00e1 do n\u00e1\u0161ho \u017eivota\u2026","rel":"","context":"In &quot;Terapia&quot;","block_context":{"text":"Terapia","link":"https:\/\/kristinahazler.com\/sk\/kategoria\/terapia\/"},"img":{"alt_text":"Frau macht Yoga in der Natur","src":"https:\/\/i0.wp.com\/kristinahazler.com\/wp-content\/uploads\/2012\/03\/fit-for-life.jpg?resize=350%2C200","width":350,"height":200},"classes":[]},{"id":12593,"url":"https:\/\/kristinahazler.com\/sk\/energeticka-psychosomatika-a-rozlicne-urovne-vedomia\/","url_meta":{"origin":654,"position":3},"title":"Energetick\u00e1 psychosomatika  a rozli\u010dn\u00e9 \u00farovne vedomia","author":"Kristina Hazler","date":"18. marec 2019","format":false,"excerpt":"Hoci samotn\u00e1 psychosomatick\u00e1 medic\u00edna pon\u00faka v porovnan\u00ed s\u00a0klasickou medic\u00ednou pokrokovej\u0161\u00ed poh\u013ead na rozli\u010dn\u00e9 chorobn\u00e9 stavy a\u00a0prip\u00fa\u0161\u0165a mo\u017enos\u0165 p\u00f4sobenia psychiky a\u00a0(du\u0161evn\u00e9ho) stresu na telesn\u00e9 zdravie \u010dloveka, predsa existuje st\u00e1le viac \u013eud\u00ed, u ktor\u00fdch ani pomocou be\u017enej, tzv. alopatickej medic\u00edny a\u00a0ani pomocou psychosomatickej medic\u00edny neprich\u00e1dza k zlep\u0161eniu stavu.\u00a0","rel":"","context":"In &quot;Energetick\u00e1 psychosomatika&quot;","block_context":{"text":"Energetick\u00e1 psychosomatika","link":"https:\/\/kristinahazler.com\/sk\/kategoria\/energeticka-psychosomatika-sk\/"},"img":{"alt_text":"Energetick\u00e1 psychosomatika a rozli\u010dn\u00e9 \u00farovne vedomia, Autorka: Kristina Hazler","src":"https:\/\/i0.wp.com\/kristinahazler.com\/wp-content\/uploads\/2019\/03\/shutterstock_667285711-kl-1024x808.jpg?resize=350%2C200&ssl=1","width":350,"height":200,"srcset":"https:\/\/i0.wp.com\/kristinahazler.com\/wp-content\/uploads\/2019\/03\/shutterstock_667285711-kl-1024x808.jpg?resize=350%2C200&ssl=1 1x, https:\/\/i0.wp.com\/kristinahazler.com\/wp-content\/uploads\/2019\/03\/shutterstock_667285711-kl-1024x808.jpg?resize=525%2C300&ssl=1 1.5x, https:\/\/i0.wp.com\/kristinahazler.com\/wp-content\/uploads\/2019\/03\/shutterstock_667285711-kl-1024x808.jpg?resize=700%2C400&ssl=1 2x"},"classes":[]},{"id":3011,"url":"https:\/\/kristinahazler.com\/sk\/zrkadlenie-a-transformacia-vedomia-sny-metafora-podvedomia\/","url_meta":{"origin":654,"position":4},"title":"Zrkadlenie a transform\u00e1cia vedomia &#8211; sny, metafora podvedomia","author":"Kristina Hazler","date":"20. okt\u00f3ber 2014","format":false,"excerpt":"Prv\u00fdm krokom k uzdraveniu je pod\u013ea m\u0148a rozpoznanie, \u010di u\u017e vonku alebo vo svojom vn\u00fatri. To, \u010do sme schopn\u00ed vidie\u0165 vonku, odzrkad\u013euje \u2013 ako napokon v\u017edy \u2013 len n\u00e1\u0161 vlastn\u00fd stav. Interpret\u00e1cia toho, \u010do sa deje, by nemala prebieha\u0165 jedna k jednej. Nem\u00f4\u017eeme predpoklada\u0165, \u017ee ak pozorujeme vonku vojnu, nen\u00e1vis\u0165\u2026","rel":"","context":"In &quot;Terapia&quot;","block_context":{"text":"Terapia","link":"https:\/\/kristinahazler.com\/sk\/kategoria\/terapia\/"},"img":{"alt_text":"Flut","src":"https:\/\/i0.wp.com\/kristinahazler.com\/wp-content\/uploads\/2013\/06\/Flut-300x200.jpg?resize=350%2C200","width":350,"height":200},"classes":[]},{"id":13031,"url":"https:\/\/kristinahazler.com\/sk\/nezodpovedne-zaobchadzanie-s-unavou\/","url_meta":{"origin":654,"position":5},"title":"Nezodpovedn\u00e9 zaobch\u00e1dzanie s \u00fanavou","author":"Kristina Hazler","date":"9. marec 2020","format":false,"excerpt":"Ke\u010f ignorujeme na\u0161u \u00fanavu, nerob\u00edme ani sami sebe a\u00a0ani druh\u00fdm l\u00e1skavos\u0165. Dnes je cel\u00fd svet unaven\u00fd ako po ni\u010divom po\u017eiare a chor\u013eavie na unaven\u00e9 my\u0161lienky, mal\u00e1tnos\u0165, nehybnos\u0165 a\u017e po \u00fapln\u00e9 ochromenie. Ako sa m\u00e1 takto nie\u010do zmeni\u0165? Odkia\u013e sa maj\u00fa nabra\u0165 prevratn\u00e9 my\u0161lienky? Z \u010doraz unavenej\u0161ej \u00fanavy?","rel":"","context":"In &quot;Energetick\u00e1 psychosomatika&quot;","block_context":{"text":"Energetick\u00e1 psychosomatika","link":"https:\/\/kristinahazler.com\/sk\/kategoria\/energeticka-psychosomatika-sk\/"},"img":{"alt_text":"Frau mit Kopfschmerzen","src":"https:\/\/i0.wp.com\/kristinahazler.com\/wp-content\/uploads\/2017\/01\/shutterstock_61147504.jpg?resize=350%2C200&ssl=1","width":350,"height":200,"srcset":"https:\/\/i0.wp.com\/kristinahazler.com\/wp-content\/uploads\/2017\/01\/shutterstock_61147504.jpg?resize=350%2C200&ssl=1 1x, https:\/\/i0.wp.com\/kristinahazler.com\/wp-content\/uploads\/2017\/01\/shutterstock_61147504.jpg?resize=525%2C300&ssl=1 1.5x, https:\/\/i0.wp.com\/kristinahazler.com\/wp-content\/uploads\/2017\/01\/shutterstock_61147504.jpg?resize=700%2C400&ssl=1 2x"},"classes":[]}],"jetpack_sharing_enabled":true,"_links":{"self":[{"href":"https:\/\/kristinahazler.com\/sk\/wp-json\/wp\/v2\/posts\/654","targetHints":{"allow":["GET"]}}],"collection":[{"href":"https:\/\/kristinahazler.com\/sk\/wp-json\/wp\/v2\/posts"}],"about":[{"href":"https:\/\/kristinahazler.com\/sk\/wp-json\/wp\/v2\/types\/post"}],"author":[{"embeddable":true,"href":"https:\/\/kristinahazler.com\/sk\/wp-json\/wp\/v2\/users\/1"}],"replies":[{"embeddable":true,"href":"https:\/\/kristinahazler.com\/sk\/wp-json\/wp\/v2\/comments?post=654"}],"version-history":[{"count":0,"href":"https:\/\/kristinahazler.com\/sk\/wp-json\/wp\/v2\/posts\/654\/revisions"}],"wp:attachment":[{"href":"https:\/\/kristinahazler.com\/sk\/wp-json\/wp\/v2\/media?parent=654"}],"wp:term":[{"taxonomy":"category","embeddable":true,"href":"https:\/\/kristinahazler.com\/sk\/wp-json\/wp\/v2\/categories?post=654"},{"taxonomy":"post_tag","embeddable":true,"href":"https:\/\/kristinahazler.com\/sk\/wp-json\/wp\/v2\/tags?post=654"}],"curies":[{"name":"wp","href":"https:\/\/api.w.org\/{rel}","templated":true}]}}